{"id":11974,"date":"2018-12-14T16:05:53","date_gmt":"2018-12-14T16:05:53","guid":{"rendered":"http:\/\/avada.theme-fusion.com_demos\/portfolio\/?p=11974"},"modified":"2020-11-15T17:20:04","modified_gmt":"2020-11-15T17:20:04","slug":"gdpr-chi-e-tenuto-al-registro-trattamenti","status":"publish","type":"post","link":"https:\/\/www.telda.it\/it\/gdpr-chi-e-tenuto-al-registro-trattamenti\/","title":{"rendered":"GDPR Chi \u00e8 Tenuto al registro dei Trattamenti"},"content":{"rendered":"<p>Il nuovo Regolamento Europeo 679\/2016 ha introdotto il registro dei trattamenti, come abbiamo visto nel <a href=\"https:\/\/www.telda.it\/it\/2018\/10\/09\/registro-delle-attivita-di-trattamento\/\">precedente articolo<\/a>, ma chi \u00e8 obbligato alla tenuta del registro? GDPR, Chi \u00e8 Tenuto al registro dei Trattamenti?<\/p>\n<p>Questa \u00e8 una cosa spesso non molto chiara e come vedremo in seguito \u00e8 intervenuto il garante della privacy al fine di eliminare molti dubbi, in quanto in ambito privato il regolamento parla di:<\/p>\n<ul>\n<li>imprese o organizzazioni con almeno 250 dipendenti;<\/li>\n<li>qualunque titolare o responsabile (incluse imprese o organizzazioni con meno di 250 dipendenti) che effettui trattamenti che possano presentare un rischio \u201a anche non elevato \u201a per i diritti e le libert\u00e0 dell&#8217;interessato;<\/li>\n<li>qualunque titolare o responsabile (incluse imprese o organizzazioni con meno di 250 dipendenti) che effettui trattamenti non occasionali;<\/li>\n<li>qualunque titolare o responsabile (incluse imprese o organizzazioni con meno di 250 dipendenti) che effettui trattamenti delle categorie particolari di dati di cui all&#8217;articolo 9, paragrafo 1 RGPD, o di dati personali relativi a condanne penali e a reati di cui all&#8217;articolo 10 RGPD.<\/li>\n<\/ul>\n<blockquote>\n<p>\u00a0<\/p>\n<\/blockquote>\n<p>Innanzi tutto il Garante precisa che &#8216;Rientrano nella categoria delle \u201a organizzazioni\u201a di cui all&#8217;art. 30, par. 5 anche le associazioni, fondazioni e i comitati.<\/p>\n<p>Intervenendo poi a rispondere alla domanda GDPR chi \u00e8 tenuto al registro dei trattamenti?<\/p>\n<p>Chiarisce che &#8221; sono tenuti all&#8217;obbligo di redazione del registro, ad esempio:<\/p>\n<p>\u00a0<\/p>\n<p>&#8211; esercizi commerciali, esercizi pubblici o artigiani con almeno un dipendente (bar, ristoranti, officine, negozi, piccola distribuzione, ecc.) e\/o \u00a0che trattino dati sanitari dei clienti (es. parrucchieri, estetisti, ottici, odontotecnici, tatuatori ecc.);<\/p>\n<p>\u00a0<\/p>\n<p>&#8211; liberi professionisti con almeno un dipendente e\/o che trattino dati sanitari e\/o dati relativi a condanne penali o reati (es. commercialisti, notai, avvocati, osteopati, fisioterapisti, farmacisti, medici in generale);<\/p>\n<p>\u00a0<\/p>\n<p>&#8211; associazioni, fondazioni e comitati ove trattino \u201a categorie particolari di dati\u201a e\/o dati relativi a condanne penali o reati (i.e. organizzazioni di tendenza; associazioni a tutela di soggetti c.d. \u201a vulnerabili\u201a quali ad esempio malati, persone con disabilit\u00e0, ex detenuti ecc.; associazioni che perseguono finalit\u00e0 di prevenzione e contrasto delle discriminazioni di genere, razziali, basate sull&#8217;orientamento sessuale, politico o religioso ecc.; associazioni sportive con riferimento ai dati sanitari trattati; partiti e movimenti politici; sindacati; associazioni e movimenti a carattere religioso);&#8221;<\/p>\n<p>\u00a0<\/p>\n<p>&#8211; il condominio ove tratti \u201a categorie particolari di dati\u201a (es. delibere per interventi volti al superamento e all&#8217;abbattimento delle barriere architettoniche ai sensi della L. n. 13\/1989; richieste di risarcimento danni comprensive di spese mediche relativi a sinistri avvenuti all&#8217;interno dei locali condominiali).<\/p>\n<p>Precisando che le imprese ed organizzazioni con meno di 250 dipendenti possono tenere in maniera semplificata inserendo nel registro le solo attivit\u00e0 sopra indicate.<\/p>\n<p>Precisa inoltre che al di l\u00e0 della tenuta obbligatoria del registro se ne raccomanda comunque la redazione al fine di attuare il principio di accountability e per facilitare l&#8217;attivit\u00e0 di controllo del Garante.<\/p>\n<p>Come dimostrato anche da queste precisazioni abbiamo bisogno di un cambio di mentalit\u00e0, bisogna entrare nell&#8217;ottica del GDPR e dare al trattamento dei dati l&#8217;importanza che merita e da questo ormai non pu\u00f2 tirarsi indietro nessuno!<\/p>\n<p>Leggi anche che <a href=\"https:\/\/www.telda.it\/it\/2018\/10\/09\/registro-delle-attivita-di-trattamento\/\">cosa \u00e8 il registro dei trattamenti<\/a><\/p>\n<p>Scopri la nostra <a href=\"https:\/\/www.telda.it\/it\/portfolio-items\/consulenza-gdpr\/\">consulenza GDPR<\/a><\/p>\n<p>Maggiori informazioni sul <a href=\"https:\/\/www.garanteprivacy.it\/\">sito del Garante della Privacy<\/a><\/p>\n\n\n<p><\/p>\n","protected":false},"excerpt":{"rendered":"<p>Il nuovo Regolamento Europeo 679\/2016 ha introdotto il registro dei trattamenti, come abbiamo visto nel precedente articolo, ma chi \u00e8 obbligato alla tenuta del registro? GDPR, Chi \u00e8 Tenuto al registro dei Trattamenti? Questa \u00e8 una cosa spesso non molto chiara e come vedremo in seguito \u00e8 intervenuto il garante della privacy al fine di [&hellip;]<\/p>\n","protected":false},"author":1,"featured_media":11987,"comment_status":"closed","ping_status":"open","sticky":false,"template":"","format":"standard","meta":{"_et_pb_use_builder":"","_et_pb_old_content":"","_et_gb_content_width":"","footnotes":""},"categories":[42,17],"tags":[],"class_list":["post-11974","post","type-post","status-publish","format-standard","has-post-thumbnail","hentry","category-gdpr","category-news"],"yoast_head":"<!-- This site is optimized with the Yoast SEO plugin v26.5 - https:\/\/yoast.com\/wordpress\/plugins\/seo\/ -->\n<title>GDPR Chi \u00e8 Tenuto al registro dei Trattamenti - Telda - Telecom &amp; Data Protection<\/title>\n<meta name=\"description\" content=\"Il nuovo Regolamento Europeo 679\/2016 ha introdotto il registro dei trattamenti, come abbiamo visto nel precedente articolo, ma chi \u221a\u00ae obbligato alla tenuta del registro? GDPR, Chi \u221a\u00ae Tenuto al registro dei Trattamenti?\" \/>\n<meta name=\"robots\" content=\"index, follow, max-snippet:-1, max-image-preview:large, max-video-preview:-1\" \/>\n<link rel=\"canonical\" href=\"https:\/\/www.telda.it\/it\/gdpr-chi-e-tenuto-al-registro-trattamenti\/\" \/>\n<meta property=\"og:locale\" content=\"it_IT\" \/>\n<meta property=\"og:type\" content=\"article\" \/>\n<meta property=\"og:title\" content=\"GDPR Chi \u00e8 Tenuto al registro dei Trattamenti - Telda - Telecom &amp; Data Protection\" \/>\n<meta property=\"og:description\" content=\"Il nuovo Regolamento Europeo 679\/2016 ha introdotto il registro dei trattamenti, come abbiamo visto nel precedente articolo, ma chi \u221a\u00ae obbligato alla tenuta del registro? GDPR, Chi \u221a\u00ae Tenuto al registro dei Trattamenti?\" \/>\n<meta property=\"og:url\" content=\"https:\/\/www.telda.it\/it\/gdpr-chi-e-tenuto-al-registro-trattamenti\/\" \/>\n<meta property=\"og:site_name\" content=\"Telda - Telecom &amp; Data Protection\" \/>\n<meta property=\"article:published_time\" content=\"2018-12-14T16:05:53+00:00\" \/>\n<meta property=\"article:modified_time\" content=\"2020-11-15T17:20:04+00:00\" \/>\n<meta property=\"og:image\" content=\"https:\/\/www.telda.it\/it\/wp-content\/uploads\/2014\/11\/blog_2.jpg\" \/>\n\t<meta property=\"og:image:width\" content=\"831\" \/>\n\t<meta property=\"og:image:height\" content=\"911\" \/>\n\t<meta property=\"og:image:type\" content=\"image\/jpeg\" \/>\n<meta name=\"author\" content=\"Telda\" \/>\n<meta name=\"twitter:card\" content=\"summary_large_image\" \/>\n<meta name=\"twitter:label1\" content=\"Scritto da\" \/>\n\t<meta name=\"twitter:data1\" content=\"Telda\" \/>\n\t<meta name=\"twitter:label2\" content=\"Tempo di lettura stimato\" \/>\n\t<meta name=\"twitter:data2\" content=\"3 minuti\" \/>\n<script type=\"application\/ld+json\" class=\"yoast-schema-graph\">{\"@context\":\"https:\/\/schema.org\",\"@graph\":[{\"@type\":\"Article\",\"@id\":\"https:\/\/www.telda.it\/it\/gdpr-chi-e-tenuto-al-registro-trattamenti\/#article\",\"isPartOf\":{\"@id\":\"https:\/\/www.telda.it\/it\/gdpr-chi-e-tenuto-al-registro-trattamenti\/\"},\"author\":{\"name\":\"Telda\",\"@id\":\"https:\/\/www.telda.it\/it\/#\/schema\/person\/6884e058b7fae329a31c491f0e974fd7\"},\"headline\":\"GDPR Chi \u00e8 Tenuto al registro dei Trattamenti\",\"datePublished\":\"2018-12-14T16:05:53+00:00\",\"dateModified\":\"2020-11-15T17:20:04+00:00\",\"mainEntityOfPage\":{\"@id\":\"https:\/\/www.telda.it\/it\/gdpr-chi-e-tenuto-al-registro-trattamenti\/\"},\"wordCount\":510,\"publisher\":{\"@id\":\"https:\/\/www.telda.it\/it\/#organization\"},\"image\":{\"@id\":\"https:\/\/www.telda.it\/it\/gdpr-chi-e-tenuto-al-registro-trattamenti\/#primaryimage\"},\"thumbnailUrl\":\"https:\/\/www.telda.it\/it\/wp-content\/uploads\/2014\/11\/blog_2.jpg\",\"articleSection\":[\"GDPR\",\"News\"],\"inLanguage\":\"it-IT\"},{\"@type\":\"WebPage\",\"@id\":\"https:\/\/www.telda.it\/it\/gdpr-chi-e-tenuto-al-registro-trattamenti\/\",\"url\":\"https:\/\/www.telda.it\/it\/gdpr-chi-e-tenuto-al-registro-trattamenti\/\",\"name\":\"GDPR Chi \u00e8 Tenuto al registro dei Trattamenti - Telda - Telecom &amp; Data Protection\",\"isPartOf\":{\"@id\":\"https:\/\/www.telda.it\/it\/#website\"},\"primaryImageOfPage\":{\"@id\":\"https:\/\/www.telda.it\/it\/gdpr-chi-e-tenuto-al-registro-trattamenti\/#primaryimage\"},\"image\":{\"@id\":\"https:\/\/www.telda.it\/it\/gdpr-chi-e-tenuto-al-registro-trattamenti\/#primaryimage\"},\"thumbnailUrl\":\"https:\/\/www.telda.it\/it\/wp-content\/uploads\/2014\/11\/blog_2.jpg\",\"datePublished\":\"2018-12-14T16:05:53+00:00\",\"dateModified\":\"2020-11-15T17:20:04+00:00\",\"description\":\"Il nuovo Regolamento Europeo 679\/2016 ha introdotto il registro dei trattamenti, come abbiamo visto nel precedente articolo, ma chi \u221a\u00ae obbligato alla tenuta del registro? GDPR, Chi \u221a\u00ae Tenuto al registro dei Trattamenti?\",\"breadcrumb\":{\"@id\":\"https:\/\/www.telda.it\/it\/gdpr-chi-e-tenuto-al-registro-trattamenti\/#breadcrumb\"},\"inLanguage\":\"it-IT\",\"potentialAction\":[{\"@type\":\"ReadAction\",\"target\":[\"https:\/\/www.telda.it\/it\/gdpr-chi-e-tenuto-al-registro-trattamenti\/\"]}]},{\"@type\":\"ImageObject\",\"inLanguage\":\"it-IT\",\"@id\":\"https:\/\/www.telda.it\/it\/gdpr-chi-e-tenuto-al-registro-trattamenti\/#primaryimage\",\"url\":\"https:\/\/www.telda.it\/it\/wp-content\/uploads\/2014\/11\/blog_2.jpg\",\"contentUrl\":\"https:\/\/www.telda.it\/it\/wp-content\/uploads\/2014\/11\/blog_2.jpg\",\"width\":831,\"height\":911},{\"@type\":\"BreadcrumbList\",\"@id\":\"https:\/\/www.telda.it\/it\/gdpr-chi-e-tenuto-al-registro-trattamenti\/#breadcrumb\",\"itemListElement\":[{\"@type\":\"ListItem\",\"position\":1,\"name\":\"Home\",\"item\":\"https:\/\/www.telda.it\/it\/\"},{\"@type\":\"ListItem\",\"position\":2,\"name\":\"GDPR Chi \u00e8 Tenuto al registro dei Trattamenti\"}]},{\"@type\":\"WebSite\",\"@id\":\"https:\/\/www.telda.it\/it\/#website\",\"url\":\"https:\/\/www.telda.it\/it\/\",\"name\":\"Telda - Telecom & Data Protection\",\"description\":\"IT Company\",\"publisher\":{\"@id\":\"https:\/\/www.telda.it\/it\/#organization\"},\"potentialAction\":[{\"@type\":\"SearchAction\",\"target\":{\"@type\":\"EntryPoint\",\"urlTemplate\":\"https:\/\/www.telda.it\/it\/?s={search_term_string}\"},\"query-input\":{\"@type\":\"PropertyValueSpecification\",\"valueRequired\":true,\"valueName\":\"search_term_string\"}}],\"inLanguage\":\"it-IT\"},{\"@type\":\"Organization\",\"@id\":\"https:\/\/www.telda.it\/it\/#organization\",\"name\":\"TELDA\",\"url\":\"https:\/\/www.telda.it\/it\/\",\"logo\":{\"@type\":\"ImageObject\",\"inLanguage\":\"it-IT\",\"@id\":\"https:\/\/www.telda.it\/it\/#\/schema\/logo\/image\/\",\"url\":\"https:\/\/www.telda.it\/it\/wp-content\/uploads\/2019\/03\/logoTeldaT114.png\",\"contentUrl\":\"https:\/\/www.telda.it\/it\/wp-content\/uploads\/2019\/03\/logoTeldaT114.png\",\"width\":114,\"height\":114,\"caption\":\"TELDA\"},\"image\":{\"@id\":\"https:\/\/www.telda.it\/it\/#\/schema\/logo\/image\/\"},\"sameAs\":[\"https:\/\/www.instagram.com\/telda_it\"]},{\"@type\":\"Person\",\"@id\":\"https:\/\/www.telda.it\/it\/#\/schema\/person\/6884e058b7fae329a31c491f0e974fd7\",\"name\":\"Telda\",\"image\":{\"@type\":\"ImageObject\",\"inLanguage\":\"it-IT\",\"@id\":\"https:\/\/www.telda.it\/it\/#\/schema\/person\/image\/\",\"url\":\"https:\/\/secure.gravatar.com\/avatar\/fcaa43a021d5e43c8b9a22c0ef52002618e3e687731b6ba96a8c47e88e256f95?s=96&d=mm&r=g\",\"contentUrl\":\"https:\/\/secure.gravatar.com\/avatar\/fcaa43a021d5e43c8b9a22c0ef52002618e3e687731b6ba96a8c47e88e256f95?s=96&d=mm&r=g\",\"caption\":\"Telda\"},\"url\":\"https:\/\/www.telda.it\/it\/author\/webedesign\/\"}]}<\/script>\n<!-- \/ Yoast SEO plugin. -->","yoast_head_json":{"title":"GDPR Chi \u00e8 Tenuto al registro dei Trattamenti - Telda - Telecom &amp; Data Protection","description":"Il nuovo Regolamento Europeo 679\/2016 ha introdotto il registro dei trattamenti, come abbiamo visto nel precedente articolo, ma chi \u221a\u00ae obbligato alla tenuta del registro? GDPR, Chi \u221a\u00ae Tenuto al registro dei Trattamenti?","robots":{"index":"index","follow":"follow","max-snippet":"max-snippet:-1","max-image-preview":"max-image-preview:large","max-video-preview":"max-video-preview:-1"},"canonical":"https:\/\/www.telda.it\/it\/gdpr-chi-e-tenuto-al-registro-trattamenti\/","og_locale":"it_IT","og_type":"article","og_title":"GDPR Chi \u00e8 Tenuto al registro dei Trattamenti - Telda - Telecom &amp; Data Protection","og_description":"Il nuovo Regolamento Europeo 679\/2016 ha introdotto il registro dei trattamenti, come abbiamo visto nel precedente articolo, ma chi \u221a\u00ae obbligato alla tenuta del registro? GDPR, Chi \u221a\u00ae Tenuto al registro dei Trattamenti?","og_url":"https:\/\/www.telda.it\/it\/gdpr-chi-e-tenuto-al-registro-trattamenti\/","og_site_name":"Telda - Telecom &amp; Data Protection","article_published_time":"2018-12-14T16:05:53+00:00","article_modified_time":"2020-11-15T17:20:04+00:00","og_image":[{"width":831,"height":911,"url":"https:\/\/www.telda.it\/it\/wp-content\/uploads\/2014\/11\/blog_2.jpg","type":"image\/jpeg"}],"author":"Telda","twitter_card":"summary_large_image","twitter_misc":{"Scritto da":"Telda","Tempo di lettura stimato":"3 minuti"},"schema":{"@context":"https:\/\/schema.org","@graph":[{"@type":"Article","@id":"https:\/\/www.telda.it\/it\/gdpr-chi-e-tenuto-al-registro-trattamenti\/#article","isPartOf":{"@id":"https:\/\/www.telda.it\/it\/gdpr-chi-e-tenuto-al-registro-trattamenti\/"},"author":{"name":"Telda","@id":"https:\/\/www.telda.it\/it\/#\/schema\/person\/6884e058b7fae329a31c491f0e974fd7"},"headline":"GDPR Chi \u00e8 Tenuto al registro dei Trattamenti","datePublished":"2018-12-14T16:05:53+00:00","dateModified":"2020-11-15T17:20:04+00:00","mainEntityOfPage":{"@id":"https:\/\/www.telda.it\/it\/gdpr-chi-e-tenuto-al-registro-trattamenti\/"},"wordCount":510,"publisher":{"@id":"https:\/\/www.telda.it\/it\/#organization"},"image":{"@id":"https:\/\/www.telda.it\/it\/gdpr-chi-e-tenuto-al-registro-trattamenti\/#primaryimage"},"thumbnailUrl":"https:\/\/www.telda.it\/it\/wp-content\/uploads\/2014\/11\/blog_2.jpg","articleSection":["GDPR","News"],"inLanguage":"it-IT"},{"@type":"WebPage","@id":"https:\/\/www.telda.it\/it\/gdpr-chi-e-tenuto-al-registro-trattamenti\/","url":"https:\/\/www.telda.it\/it\/gdpr-chi-e-tenuto-al-registro-trattamenti\/","name":"GDPR Chi \u00e8 Tenuto al registro dei Trattamenti - Telda - Telecom &amp; Data Protection","isPartOf":{"@id":"https:\/\/www.telda.it\/it\/#website"},"primaryImageOfPage":{"@id":"https:\/\/www.telda.it\/it\/gdpr-chi-e-tenuto-al-registro-trattamenti\/#primaryimage"},"image":{"@id":"https:\/\/www.telda.it\/it\/gdpr-chi-e-tenuto-al-registro-trattamenti\/#primaryimage"},"thumbnailUrl":"https:\/\/www.telda.it\/it\/wp-content\/uploads\/2014\/11\/blog_2.jpg","datePublished":"2018-12-14T16:05:53+00:00","dateModified":"2020-11-15T17:20:04+00:00","description":"Il nuovo Regolamento Europeo 679\/2016 ha introdotto il registro dei trattamenti, come abbiamo visto nel precedente articolo, ma chi \u221a\u00ae obbligato alla tenuta del registro? GDPR, Chi \u221a\u00ae Tenuto al registro dei Trattamenti?","breadcrumb":{"@id":"https:\/\/www.telda.it\/it\/gdpr-chi-e-tenuto-al-registro-trattamenti\/#breadcrumb"},"inLanguage":"it-IT","potentialAction":[{"@type":"ReadAction","target":["https:\/\/www.telda.it\/it\/gdpr-chi-e-tenuto-al-registro-trattamenti\/"]}]},{"@type":"ImageObject","inLanguage":"it-IT","@id":"https:\/\/www.telda.it\/it\/gdpr-chi-e-tenuto-al-registro-trattamenti\/#primaryimage","url":"https:\/\/www.telda.it\/it\/wp-content\/uploads\/2014\/11\/blog_2.jpg","contentUrl":"https:\/\/www.telda.it\/it\/wp-content\/uploads\/2014\/11\/blog_2.jpg","width":831,"height":911},{"@type":"BreadcrumbList","@id":"https:\/\/www.telda.it\/it\/gdpr-chi-e-tenuto-al-registro-trattamenti\/#breadcrumb","itemListElement":[{"@type":"ListItem","position":1,"name":"Home","item":"https:\/\/www.telda.it\/it\/"},{"@type":"ListItem","position":2,"name":"GDPR Chi \u00e8 Tenuto al registro dei Trattamenti"}]},{"@type":"WebSite","@id":"https:\/\/www.telda.it\/it\/#website","url":"https:\/\/www.telda.it\/it\/","name":"Telda - Telecom & Data Protection","description":"IT Company","publisher":{"@id":"https:\/\/www.telda.it\/it\/#organization"},"potentialAction":[{"@type":"SearchAction","target":{"@type":"EntryPoint","urlTemplate":"https:\/\/www.telda.it\/it\/?s={search_term_string}"},"query-input":{"@type":"PropertyValueSpecification","valueRequired":true,"valueName":"search_term_string"}}],"inLanguage":"it-IT"},{"@type":"Organization","@id":"https:\/\/www.telda.it\/it\/#organization","name":"TELDA","url":"https:\/\/www.telda.it\/it\/","logo":{"@type":"ImageObject","inLanguage":"it-IT","@id":"https:\/\/www.telda.it\/it\/#\/schema\/logo\/image\/","url":"https:\/\/www.telda.it\/it\/wp-content\/uploads\/2019\/03\/logoTeldaT114.png","contentUrl":"https:\/\/www.telda.it\/it\/wp-content\/uploads\/2019\/03\/logoTeldaT114.png","width":114,"height":114,"caption":"TELDA"},"image":{"@id":"https:\/\/www.telda.it\/it\/#\/schema\/logo\/image\/"},"sameAs":["https:\/\/www.instagram.com\/telda_it"]},{"@type":"Person","@id":"https:\/\/www.telda.it\/it\/#\/schema\/person\/6884e058b7fae329a31c491f0e974fd7","name":"Telda","image":{"@type":"ImageObject","inLanguage":"it-IT","@id":"https:\/\/www.telda.it\/it\/#\/schema\/person\/image\/","url":"https:\/\/secure.gravatar.com\/avatar\/fcaa43a021d5e43c8b9a22c0ef52002618e3e687731b6ba96a8c47e88e256f95?s=96&d=mm&r=g","contentUrl":"https:\/\/secure.gravatar.com\/avatar\/fcaa43a021d5e43c8b9a22c0ef52002618e3e687731b6ba96a8c47e88e256f95?s=96&d=mm&r=g","caption":"Telda"},"url":"https:\/\/www.telda.it\/it\/author\/webedesign\/"}]}},"_links":{"self":[{"href":"https:\/\/www.telda.it\/it\/wp-json\/wp\/v2\/posts\/11974","targetHints":{"allow":["GET"]}}],"collection":[{"href":"https:\/\/www.telda.it\/it\/wp-json\/wp\/v2\/posts"}],"about":[{"href":"https:\/\/www.telda.it\/it\/wp-json\/wp\/v2\/types\/post"}],"author":[{"embeddable":true,"href":"https:\/\/www.telda.it\/it\/wp-json\/wp\/v2\/users\/1"}],"replies":[{"embeddable":true,"href":"https:\/\/www.telda.it\/it\/wp-json\/wp\/v2\/comments?post=11974"}],"version-history":[{"count":6,"href":"https:\/\/www.telda.it\/it\/wp-json\/wp\/v2\/posts\/11974\/revisions"}],"predecessor-version":[{"id":13392,"href":"https:\/\/www.telda.it\/it\/wp-json\/wp\/v2\/posts\/11974\/revisions\/13392"}],"wp:featuredmedia":[{"embeddable":true,"href":"https:\/\/www.telda.it\/it\/wp-json\/wp\/v2\/media\/11987"}],"wp:attachment":[{"href":"https:\/\/www.telda.it\/it\/wp-json\/wp\/v2\/media?parent=11974"}],"wp:term":[{"taxonomy":"category","embeddable":true,"href":"https:\/\/www.telda.it\/it\/wp-json\/wp\/v2\/categories?post=11974"},{"taxonomy":"post_tag","embeddable":true,"href":"https:\/\/www.telda.it\/it\/wp-json\/wp\/v2\/tags?post=11974"}],"curies":[{"name":"wp","href":"https:\/\/api.w.org\/{rel}","templated":true}]}}