{"id":13173,"date":"2018-10-09T08:20:47","date_gmt":"2018-10-09T08:20:47","guid":{"rendered":"https:\/\/www.weddl.it\/it\/?p=13173"},"modified":"2021-11-09T22:15:07","modified_gmt":"2021-11-09T22:15:07","slug":"registro-delle-attivita-di-trattamento","status":"publish","type":"post","link":"https:\/\/www.telda.it\/it\/registro-delle-attivita-di-trattamento\/","title":{"rendered":"Registro delle attivit\u00e0 di trattamento"},"content":{"rendered":"<p>Il registro delle attivit\u00e0 di trattamento \u00e8 stato introdotto dal Regolamento EU , 679\/2016 ed \u00e8 uno degli adempimenti principali del titolare e del responsabile del trattamento.<\/p>\n<p>Il registro \u00e8 un documento che deve avere forma scritta, anche elettronica, e deve contenere le principali informazioni (indicate nell&#8217;art.30) sulle operazioni di trattamento svolte dall&#8217;organizzazione (impresa, associazione, esercizio commerciale, libero professionista).<\/p>\n<p>Redigere il registro delle attivit\u00e0 di trattamento rappresenta uno degli elementi principali di accountability del titolare (responsabilizzazione del titolare), il registro fornisce il quadro dei trattamenti ed \u00e8 quindi necessario ai fini di valutazione ed analisi del rischio, questo evidenzia la necessit\u00e0 di predisporlo prima di effettuare tali valutazioni.<\/p>\n<p><a href=\"https:\/\/www.telda.it\/it\/2018\/12\/14\/gdpr-chi-e-tenuto-al-registro-trattamenti\/\">Chi \u00e8 tenuto a redigerlo<\/a> e che cosa deve contenere sar\u00e0 oggetto di prossimi post.<\/p>\n<p>Se vuoi maggiori informazioni o necessiti di una consulenza non esitare a <a href=\"https:\/\/www.telda.it\/it\/contact-us\/\">contattarci<\/a><\/p>\n","protected":false},"excerpt":{"rendered":"<p>Il registro delle attivit\u00e0 di trattamento \u00e8 stato introdotto dal Regolamento EU , 679\/2016 ed \u00e8 uno degli adempimenti principali del titolare e del responsabile del trattamento. Il registro \u00e8 un documento che deve avere forma scritta, anche elettronica, e deve contenere le principali informazioni (indicate nell&#8217;art.30) sulle operazioni di trattamento svolte dall&#8217;organizzazione (impresa, associazione, [&hellip;]<\/p>\n","protected":false},"author":1,"featured_media":13088,"comment_status":"closed","ping_status":"open","sticky":false,"template":"","format":"standard","meta":{"_et_pb_use_builder":"","_et_pb_old_content":"","_et_gb_content_width":"","footnotes":""},"categories":[42,17],"tags":[],"class_list":["post-13173","post","type-post","status-publish","format-standard","has-post-thumbnail","hentry","category-gdpr","category-news"],"yoast_head":"<!-- This site is optimized with the Yoast SEO plugin v26.5 - https:\/\/yoast.com\/wordpress\/plugins\/seo\/ -->\n<title>Registro delle attivit\u00e0 di trattamento - Telda - Telecom &amp; Data Protection<\/title>\n<meta name=\"description\" content=\"Il registro delle attivit\u221a\u2020 di trattamento \u221a\u00ae tra gli adempimenti previsti dal Regolamento EU 679\/2016 per i titolari e i responsabili del trattamento di dati\" \/>\n<meta name=\"robots\" content=\"index, follow, max-snippet:-1, max-image-preview:large, max-video-preview:-1\" \/>\n<link rel=\"canonical\" href=\"https:\/\/www.telda.it\/it\/registro-delle-attivita-di-trattamento\/\" \/>\n<meta property=\"og:locale\" content=\"it_IT\" \/>\n<meta property=\"og:type\" content=\"article\" \/>\n<meta property=\"og:title\" content=\"Registro delle attivit\u00e0 di trattamento - Telda - Telecom &amp; Data Protection\" \/>\n<meta property=\"og:description\" content=\"Il registro delle attivit\u221a\u2020 di trattamento \u221a\u00ae tra gli adempimenti previsti dal Regolamento EU 679\/2016 per i titolari e i responsabili del trattamento di dati\" \/>\n<meta property=\"og:url\" content=\"https:\/\/www.telda.it\/it\/registro-delle-attivita-di-trattamento\/\" \/>\n<meta property=\"og:site_name\" content=\"Telda - Telecom &amp; Data Protection\" \/>\n<meta property=\"article:published_time\" content=\"2018-10-09T08:20:47+00:00\" \/>\n<meta property=\"article:modified_time\" content=\"2021-11-09T22:15:07+00:00\" \/>\n<meta property=\"og:image\" content=\"https:\/\/www.telda.it\/it\/wp-content\/uploads\/2014\/11\/privacy-normativa-europea.jpg\" \/>\n\t<meta property=\"og:image:width\" content=\"1920\" \/>\n\t<meta property=\"og:image:height\" content=\"1021\" \/>\n\t<meta property=\"og:image:type\" content=\"image\/jpeg\" \/>\n<meta name=\"author\" content=\"Telda\" \/>\n<meta name=\"twitter:card\" content=\"summary_large_image\" \/>\n<meta name=\"twitter:label1\" content=\"Scritto da\" \/>\n\t<meta name=\"twitter:data1\" content=\"Telda\" \/>\n\t<meta name=\"twitter:label2\" content=\"Tempo di lettura stimato\" \/>\n\t<meta name=\"twitter:data2\" content=\"1 minuto\" \/>\n<script type=\"application\/ld+json\" class=\"yoast-schema-graph\">{\"@context\":\"https:\/\/schema.org\",\"@graph\":[{\"@type\":\"Article\",\"@id\":\"https:\/\/www.telda.it\/it\/registro-delle-attivita-di-trattamento\/#article\",\"isPartOf\":{\"@id\":\"https:\/\/www.telda.it\/it\/registro-delle-attivita-di-trattamento\/\"},\"author\":{\"name\":\"Telda\",\"@id\":\"https:\/\/www.telda.it\/it\/#\/schema\/person\/6884e058b7fae329a31c491f0e974fd7\"},\"headline\":\"Registro delle attivit\u00e0 di trattamento\",\"datePublished\":\"2018-10-09T08:20:47+00:00\",\"dateModified\":\"2021-11-09T22:15:07+00:00\",\"mainEntityOfPage\":{\"@id\":\"https:\/\/www.telda.it\/it\/registro-delle-attivita-di-trattamento\/\"},\"wordCount\":134,\"publisher\":{\"@id\":\"https:\/\/www.telda.it\/it\/#organization\"},\"image\":{\"@id\":\"https:\/\/www.telda.it\/it\/registro-delle-attivita-di-trattamento\/#primaryimage\"},\"thumbnailUrl\":\"https:\/\/www.telda.it\/it\/wp-content\/uploads\/2014\/11\/privacy-normativa-europea.jpg\",\"articleSection\":[\"GDPR\",\"News\"],\"inLanguage\":\"it-IT\"},{\"@type\":\"WebPage\",\"@id\":\"https:\/\/www.telda.it\/it\/registro-delle-attivita-di-trattamento\/\",\"url\":\"https:\/\/www.telda.it\/it\/registro-delle-attivita-di-trattamento\/\",\"name\":\"Registro delle attivit\u00e0 di trattamento - Telda - Telecom &amp; Data Protection\",\"isPartOf\":{\"@id\":\"https:\/\/www.telda.it\/it\/#website\"},\"primaryImageOfPage\":{\"@id\":\"https:\/\/www.telda.it\/it\/registro-delle-attivita-di-trattamento\/#primaryimage\"},\"image\":{\"@id\":\"https:\/\/www.telda.it\/it\/registro-delle-attivita-di-trattamento\/#primaryimage\"},\"thumbnailUrl\":\"https:\/\/www.telda.it\/it\/wp-content\/uploads\/2014\/11\/privacy-normativa-europea.jpg\",\"datePublished\":\"2018-10-09T08:20:47+00:00\",\"dateModified\":\"2021-11-09T22:15:07+00:00\",\"description\":\"Il registro delle attivit\u221a\u2020 di trattamento \u221a\u00ae tra gli adempimenti previsti dal Regolamento EU 679\/2016 per i titolari e i responsabili del trattamento di dati\",\"breadcrumb\":{\"@id\":\"https:\/\/www.telda.it\/it\/registro-delle-attivita-di-trattamento\/#breadcrumb\"},\"inLanguage\":\"it-IT\",\"potentialAction\":[{\"@type\":\"ReadAction\",\"target\":[\"https:\/\/www.telda.it\/it\/registro-delle-attivita-di-trattamento\/\"]}]},{\"@type\":\"ImageObject\",\"inLanguage\":\"it-IT\",\"@id\":\"https:\/\/www.telda.it\/it\/registro-delle-attivita-di-trattamento\/#primaryimage\",\"url\":\"https:\/\/www.telda.it\/it\/wp-content\/uploads\/2014\/11\/privacy-normativa-europea.jpg\",\"contentUrl\":\"https:\/\/www.telda.it\/it\/wp-content\/uploads\/2014\/11\/privacy-normativa-europea.jpg\",\"width\":1920,\"height\":1021,\"caption\":\"consulenza gdpr\"},{\"@type\":\"BreadcrumbList\",\"@id\":\"https:\/\/www.telda.it\/it\/registro-delle-attivita-di-trattamento\/#breadcrumb\",\"itemListElement\":[{\"@type\":\"ListItem\",\"position\":1,\"name\":\"Home\",\"item\":\"https:\/\/www.telda.it\/it\/\"},{\"@type\":\"ListItem\",\"position\":2,\"name\":\"Registro delle attivit\u00e0 di trattamento\"}]},{\"@type\":\"WebSite\",\"@id\":\"https:\/\/www.telda.it\/it\/#website\",\"url\":\"https:\/\/www.telda.it\/it\/\",\"name\":\"Telda - Telecom & Data Protection\",\"description\":\"IT Company\",\"publisher\":{\"@id\":\"https:\/\/www.telda.it\/it\/#organization\"},\"potentialAction\":[{\"@type\":\"SearchAction\",\"target\":{\"@type\":\"EntryPoint\",\"urlTemplate\":\"https:\/\/www.telda.it\/it\/?s={search_term_string}\"},\"query-input\":{\"@type\":\"PropertyValueSpecification\",\"valueRequired\":true,\"valueName\":\"search_term_string\"}}],\"inLanguage\":\"it-IT\"},{\"@type\":\"Organization\",\"@id\":\"https:\/\/www.telda.it\/it\/#organization\",\"name\":\"TELDA\",\"url\":\"https:\/\/www.telda.it\/it\/\",\"logo\":{\"@type\":\"ImageObject\",\"inLanguage\":\"it-IT\",\"@id\":\"https:\/\/www.telda.it\/it\/#\/schema\/logo\/image\/\",\"url\":\"https:\/\/www.telda.it\/it\/wp-content\/uploads\/2019\/03\/logoTeldaT114.png\",\"contentUrl\":\"https:\/\/www.telda.it\/it\/wp-content\/uploads\/2019\/03\/logoTeldaT114.png\",\"width\":114,\"height\":114,\"caption\":\"TELDA\"},\"image\":{\"@id\":\"https:\/\/www.telda.it\/it\/#\/schema\/logo\/image\/\"},\"sameAs\":[\"https:\/\/www.instagram.com\/telda_it\"]},{\"@type\":\"Person\",\"@id\":\"https:\/\/www.telda.it\/it\/#\/schema\/person\/6884e058b7fae329a31c491f0e974fd7\",\"name\":\"Telda\",\"image\":{\"@type\":\"ImageObject\",\"inLanguage\":\"it-IT\",\"@id\":\"https:\/\/www.telda.it\/it\/#\/schema\/person\/image\/\",\"url\":\"https:\/\/secure.gravatar.com\/avatar\/fcaa43a021d5e43c8b9a22c0ef52002618e3e687731b6ba96a8c47e88e256f95?s=96&d=mm&r=g\",\"contentUrl\":\"https:\/\/secure.gravatar.com\/avatar\/fcaa43a021d5e43c8b9a22c0ef52002618e3e687731b6ba96a8c47e88e256f95?s=96&d=mm&r=g\",\"caption\":\"Telda\"},\"url\":\"https:\/\/www.telda.it\/it\/author\/webedesign\/\"}]}<\/script>\n<!-- \/ Yoast SEO plugin. -->","yoast_head_json":{"title":"Registro delle attivit\u00e0 di trattamento - Telda - Telecom &amp; Data Protection","description":"Il registro delle attivit\u221a\u2020 di trattamento \u221a\u00ae tra gli adempimenti previsti dal Regolamento EU 679\/2016 per i titolari e i responsabili del trattamento di dati","robots":{"index":"index","follow":"follow","max-snippet":"max-snippet:-1","max-image-preview":"max-image-preview:large","max-video-preview":"max-video-preview:-1"},"canonical":"https:\/\/www.telda.it\/it\/registro-delle-attivita-di-trattamento\/","og_locale":"it_IT","og_type":"article","og_title":"Registro delle attivit\u00e0 di trattamento - Telda - Telecom &amp; Data Protection","og_description":"Il registro delle attivit\u221a\u2020 di trattamento \u221a\u00ae tra gli adempimenti previsti dal Regolamento EU 679\/2016 per i titolari e i responsabili del trattamento di dati","og_url":"https:\/\/www.telda.it\/it\/registro-delle-attivita-di-trattamento\/","og_site_name":"Telda - Telecom &amp; Data Protection","article_published_time":"2018-10-09T08:20:47+00:00","article_modified_time":"2021-11-09T22:15:07+00:00","og_image":[{"width":1920,"height":1021,"url":"https:\/\/www.telda.it\/it\/wp-content\/uploads\/2014\/11\/privacy-normativa-europea.jpg","type":"image\/jpeg"}],"author":"Telda","twitter_card":"summary_large_image","twitter_misc":{"Scritto da":"Telda","Tempo di lettura stimato":"1 minuto"},"schema":{"@context":"https:\/\/schema.org","@graph":[{"@type":"Article","@id":"https:\/\/www.telda.it\/it\/registro-delle-attivita-di-trattamento\/#article","isPartOf":{"@id":"https:\/\/www.telda.it\/it\/registro-delle-attivita-di-trattamento\/"},"author":{"name":"Telda","@id":"https:\/\/www.telda.it\/it\/#\/schema\/person\/6884e058b7fae329a31c491f0e974fd7"},"headline":"Registro delle attivit\u00e0 di trattamento","datePublished":"2018-10-09T08:20:47+00:00","dateModified":"2021-11-09T22:15:07+00:00","mainEntityOfPage":{"@id":"https:\/\/www.telda.it\/it\/registro-delle-attivita-di-trattamento\/"},"wordCount":134,"publisher":{"@id":"https:\/\/www.telda.it\/it\/#organization"},"image":{"@id":"https:\/\/www.telda.it\/it\/registro-delle-attivita-di-trattamento\/#primaryimage"},"thumbnailUrl":"https:\/\/www.telda.it\/it\/wp-content\/uploads\/2014\/11\/privacy-normativa-europea.jpg","articleSection":["GDPR","News"],"inLanguage":"it-IT"},{"@type":"WebPage","@id":"https:\/\/www.telda.it\/it\/registro-delle-attivita-di-trattamento\/","url":"https:\/\/www.telda.it\/it\/registro-delle-attivita-di-trattamento\/","name":"Registro delle attivit\u00e0 di trattamento - Telda - Telecom &amp; Data Protection","isPartOf":{"@id":"https:\/\/www.telda.it\/it\/#website"},"primaryImageOfPage":{"@id":"https:\/\/www.telda.it\/it\/registro-delle-attivita-di-trattamento\/#primaryimage"},"image":{"@id":"https:\/\/www.telda.it\/it\/registro-delle-attivita-di-trattamento\/#primaryimage"},"thumbnailUrl":"https:\/\/www.telda.it\/it\/wp-content\/uploads\/2014\/11\/privacy-normativa-europea.jpg","datePublished":"2018-10-09T08:20:47+00:00","dateModified":"2021-11-09T22:15:07+00:00","description":"Il registro delle attivit\u221a\u2020 di trattamento \u221a\u00ae tra gli adempimenti previsti dal Regolamento EU 679\/2016 per i titolari e i responsabili del trattamento di dati","breadcrumb":{"@id":"https:\/\/www.telda.it\/it\/registro-delle-attivita-di-trattamento\/#breadcrumb"},"inLanguage":"it-IT","potentialAction":[{"@type":"ReadAction","target":["https:\/\/www.telda.it\/it\/registro-delle-attivita-di-trattamento\/"]}]},{"@type":"ImageObject","inLanguage":"it-IT","@id":"https:\/\/www.telda.it\/it\/registro-delle-attivita-di-trattamento\/#primaryimage","url":"https:\/\/www.telda.it\/it\/wp-content\/uploads\/2014\/11\/privacy-normativa-europea.jpg","contentUrl":"https:\/\/www.telda.it\/it\/wp-content\/uploads\/2014\/11\/privacy-normativa-europea.jpg","width":1920,"height":1021,"caption":"consulenza gdpr"},{"@type":"BreadcrumbList","@id":"https:\/\/www.telda.it\/it\/registro-delle-attivita-di-trattamento\/#breadcrumb","itemListElement":[{"@type":"ListItem","position":1,"name":"Home","item":"https:\/\/www.telda.it\/it\/"},{"@type":"ListItem","position":2,"name":"Registro delle attivit\u00e0 di trattamento"}]},{"@type":"WebSite","@id":"https:\/\/www.telda.it\/it\/#website","url":"https:\/\/www.telda.it\/it\/","name":"Telda - Telecom & Data Protection","description":"IT Company","publisher":{"@id":"https:\/\/www.telda.it\/it\/#organization"},"potentialAction":[{"@type":"SearchAction","target":{"@type":"EntryPoint","urlTemplate":"https:\/\/www.telda.it\/it\/?s={search_term_string}"},"query-input":{"@type":"PropertyValueSpecification","valueRequired":true,"valueName":"search_term_string"}}],"inLanguage":"it-IT"},{"@type":"Organization","@id":"https:\/\/www.telda.it\/it\/#organization","name":"TELDA","url":"https:\/\/www.telda.it\/it\/","logo":{"@type":"ImageObject","inLanguage":"it-IT","@id":"https:\/\/www.telda.it\/it\/#\/schema\/logo\/image\/","url":"https:\/\/www.telda.it\/it\/wp-content\/uploads\/2019\/03\/logoTeldaT114.png","contentUrl":"https:\/\/www.telda.it\/it\/wp-content\/uploads\/2019\/03\/logoTeldaT114.png","width":114,"height":114,"caption":"TELDA"},"image":{"@id":"https:\/\/www.telda.it\/it\/#\/schema\/logo\/image\/"},"sameAs":["https:\/\/www.instagram.com\/telda_it"]},{"@type":"Person","@id":"https:\/\/www.telda.it\/it\/#\/schema\/person\/6884e058b7fae329a31c491f0e974fd7","name":"Telda","image":{"@type":"ImageObject","inLanguage":"it-IT","@id":"https:\/\/www.telda.it\/it\/#\/schema\/person\/image\/","url":"https:\/\/secure.gravatar.com\/avatar\/fcaa43a021d5e43c8b9a22c0ef52002618e3e687731b6ba96a8c47e88e256f95?s=96&d=mm&r=g","contentUrl":"https:\/\/secure.gravatar.com\/avatar\/fcaa43a021d5e43c8b9a22c0ef52002618e3e687731b6ba96a8c47e88e256f95?s=96&d=mm&r=g","caption":"Telda"},"url":"https:\/\/www.telda.it\/it\/author\/webedesign\/"}]}},"_links":{"self":[{"href":"https:\/\/www.telda.it\/it\/wp-json\/wp\/v2\/posts\/13173","targetHints":{"allow":["GET"]}}],"collection":[{"href":"https:\/\/www.telda.it\/it\/wp-json\/wp\/v2\/posts"}],"about":[{"href":"https:\/\/www.telda.it\/it\/wp-json\/wp\/v2\/types\/post"}],"author":[{"embeddable":true,"href":"https:\/\/www.telda.it\/it\/wp-json\/wp\/v2\/users\/1"}],"replies":[{"embeddable":true,"href":"https:\/\/www.telda.it\/it\/wp-json\/wp\/v2\/comments?post=13173"}],"version-history":[{"count":5,"href":"https:\/\/www.telda.it\/it\/wp-json\/wp\/v2\/posts\/13173\/revisions"}],"predecessor-version":[{"id":13908,"href":"https:\/\/www.telda.it\/it\/wp-json\/wp\/v2\/posts\/13173\/revisions\/13908"}],"wp:featuredmedia":[{"embeddable":true,"href":"https:\/\/www.telda.it\/it\/wp-json\/wp\/v2\/media\/13088"}],"wp:attachment":[{"href":"https:\/\/www.telda.it\/it\/wp-json\/wp\/v2\/media?parent=13173"}],"wp:term":[{"taxonomy":"category","embeddable":true,"href":"https:\/\/www.telda.it\/it\/wp-json\/wp\/v2\/categories?post=13173"},{"taxonomy":"post_tag","embeddable":true,"href":"https:\/\/www.telda.it\/it\/wp-json\/wp\/v2\/tags?post=13173"}],"curies":[{"name":"wp","href":"https:\/\/api.w.org\/{rel}","templated":true}]}}